{"id":2811,"date":"2019-09-24T10:13:04","date_gmt":"2019-09-24T10:13:04","guid":{"rendered":"https:\/\/fspac.ubbcluj.ro\/bbtekomm\/?p=2811"},"modified":"2019-09-26T08:14:14","modified_gmt":"2019-09-26T08:14:14","slug":"megnyitjuk-az-eved","status":"publish","type":"post","link":"https:\/\/fspac.ubbcluj.ro\/bbtekomm\/2019\/09\/24\/megnyitjuk-az-eved\/","title":{"rendered":"Megnyitjuk az \u00e9ved!"},"content":{"rendered":"<p>A BBTE Politika-, K\u00f6zigazgat\u00e1s- \u00e9s Kommunik\u00e1ci\u00f3tudom\u00e1nyi Kar magyar nyelv\u0171 k\u00e9pz\u00e9sei k\u00f6z\u00f6s \u00e9vnyit\u00f3t szerveznek 2019. okt\u00f3ber 1-\u00e9n, kedden, 10 \u00f3rai kezdettel a Kar \u00e9p\u00fclet\u00e9nek V\/2-es term\u00e9ben. Az esem\u00e9nyre a szervez\u0151k szeretettel v\u00e1rnak minden alap-\u00a0 \u00e9s mesterk\u00e9pz\u00e9sen tanul\u00f3 di\u00e1kot a BBTE Kommunik\u00e1ci\u00f3 \u00e9s K\u00f6zkapcsolatok, a BBTE \u00dajs\u00e1g\u00edr\u00e1s, a BBTE K\u00f6zigazgat\u00e1s \u00e9s a BBTE Politol\u00f3gia szakokr\u00f3l, valamint ezen szakok f\u0151\u00e1ll\u00e1s\u00fa \u00e9s t\u00e1rsult oktat\u00f3it.<\/p>\n<p>A megnyit\u00f3 \u00fcnneps\u00e9gen k\u00f6sz\u00f6nt\u0151 besz\u00e9det mond dr. Salat Levente, d\u00e9k\u00e1nhelyettes. Az \u00e9vnyit\u00f3 el\u0151ad\u00e1st dr. Balogh M\u00e1rton, a BBTE K\u00f6zigazgat\u00e1s tansz\u00e9k egyetemi docense tartja <em>Szoci\u00e1lis v\u00e1llalkoz\u00e1sok Rom\u00e1ni\u00e1ban\u00a0<\/em>c\u00edmmel.\u00a0Emellett bemutatkoznak az egyes tansz\u00e9kek oktat\u00f3i, a di\u00e1kok pedig r\u00f6vid ismertet\u0151t kapnak az egyetemi k\u00e9pz\u00e9s mellett m\u0171k\u00f6d\u0151 programokr\u00f3l, mint a BBTE Kommunik\u00e1ci\u00f3 szakkoll\u00e9gium, a BBTE Mentor Klub vagy a Kommunik\u00e1ci\u00f3, \u00dajs\u00e1g\u00edr\u00e1s \u00e9s Fot\u00f3-film-m\u00e9dia szakos di\u00e1kok szakoszt\u00e1lya (K\u00daF).<\/p>\n<p>Z\u00e1r\u00e1sk\u00e9nt, minden \u00e9vfolyam r\u00f6vid eligaz\u00edt\u00e1sban r\u00e9szes\u00fcl, ami az \u00e9vkezd\u00e9st, a tanulm\u00e1nyi szerz\u0151d\u00e9seket, valamint az aktu\u00e1lis \u00f3rarendet illeti. Az eligaz\u00edt\u00e1st vezeti dr. K\u00e1d\u00e1r Magor, a BBTE Kommunik\u00e1ci\u00f3 \u00e9s K\u00f6zkapcsolatok tansz\u00e9k docense.<\/p>\n<p>Szerettel v\u00e1runk minden \u00e9rdekl\u0151d\u0151t!<\/p>\n<p>Tov\u00e1bbi aktu\u00e1lis inform\u00e1ci\u00f3k a rendezv\u00e9ny Facebook oldal\u00e1n: <a href=\"https:\/\/www.facebook.com\/events\/528158281284239\/\" target=\"_blank\" rel=\"noopener\">megn\u00e9zem<\/a><\/p>\n","protected":false},"excerpt":{"rendered":"<p>A BBTE Politika-, K\u00f6zigazgat\u00e1s- \u00e9s Kommunik\u00e1ci\u00f3tudom\u00e1nyi Kar magyar nyelv\u0171 k\u00e9pz\u00e9sei k\u00f6z\u00f6s \u00e9vnyit\u00f3t szerveznek 2019. okt\u00f3ber 1-\u00e9n, kedden, 10 \u00f3rai kezdettel a Kar \u00e9p\u00fclet\u00e9nek V\/2-es term\u00e9ben.<\/p>\n","protected":false},"author":2,"featured_media":2814,"comment_status":"open","ping_status":"open","sticky":false,"template":"","format":"standard","meta":{"_et_pb_use_builder":"","_et_pb_old_content":"","_et_gb_content_width":"","om_disable_all_campaigns":false,"_mi_skip_tracking":false},"categories":[14],"tags":[],"aioseo_notices":[],"jetpack_featured_media_url":"https:\/\/fspac.ubbcluj.ro\/bbtekomm\/wp-content\/uploads\/2019\/09\/bbte.evnyito.2019.png","_links":{"self":[{"href":"https:\/\/fspac.ubbcluj.ro\/bbtekomm\/wp-json\/wp\/v2\/posts\/2811"}],"collection":[{"href":"https:\/\/fspac.ubbcluj.ro\/bbtekomm\/wp-json\/wp\/v2\/posts"}],"about":[{"href":"https:\/\/fspac.ubbcluj.ro\/bbtekomm\/wp-json\/wp\/v2\/types\/post"}],"author":[{"embeddable":true,"href":"https:\/\/fspac.ubbcluj.ro\/bbtekomm\/wp-json\/wp\/v2\/users\/2"}],"replies":[{"embeddable":true,"href":"https:\/\/fspac.ubbcluj.ro\/bbtekomm\/wp-json\/wp\/v2\/comments?post=2811"}],"version-history":[{"count":5,"href":"https:\/\/fspac.ubbcluj.ro\/bbtekomm\/wp-json\/wp\/v2\/posts\/2811\/revisions"}],"predecessor-version":[{"id":2887,"href":"https:\/\/fspac.ubbcluj.ro\/bbtekomm\/wp-json\/wp\/v2\/posts\/2811\/revisions\/2887"}],"wp:featuredmedia":[{"embeddable":true,"href":"https:\/\/fspac.ubbcluj.ro\/bbtekomm\/wp-json\/wp\/v2\/media\/2814"}],"wp:attachment":[{"href":"https:\/\/fspac.ubbcluj.ro\/bbtekomm\/wp-json\/wp\/v2\/media?parent=2811"}],"wp:term":[{"taxonomy":"category","embeddable":true,"href":"https:\/\/fspac.ubbcluj.ro\/bbtekomm\/wp-json\/wp\/v2\/categories?post=2811"},{"taxonomy":"post_tag","embeddable":true,"href":"https:\/\/fspac.ubbcluj.ro\/bbtekomm\/wp-json\/wp\/v2\/tags?post=2811"}],"curies":[{"name":"wp","href":"https:\/\/api.w.org\/{rel}","templated":true}]}}