{"id":2795,"date":"2019-09-23T10:50:58","date_gmt":"2019-09-23T10:50:58","guid":{"rendered":"https:\/\/fspac.ubbcluj.ro\/bbtekomm\/?p=2795"},"modified":"2021-01-12T07:33:31","modified_gmt":"2021-01-12T07:33:31","slug":"iden-mi-szervezzuk-a-mediastafetat","status":"publish","type":"post","link":"https:\/\/fspac.ubbcluj.ro\/bbtekomm\/2019\/09\/23\/iden-mi-szervezzuk-a-mediastafetat\/","title":{"rendered":"M\u00e9diastaf\u00e9ta 2019 Kolozsv\u00e1ron"},"content":{"rendered":"<p>2019. szeptember 27. \u00e9s 28. k\u00f6z\u00f6tt a Babe\u0219-Bolyai Tudom\u00e1nyegyetem, Politika-, K\u00f6zigazgat\u00e1s- \u00e9s Kommunik\u00e1ci\u00f3tudom\u00e1nyi Kara lesz a h\u00e1zigazd\u00e1ja a M\u00e9diastaf\u00e9ta elnevez\u00e9s\u0171 konferenciasorozatnak. A kezdem\u00e9nyez\u00e9s 2015-ben indult, az\u00f3ta pedig minden \u00e9vben \u00f6sszegy\u0171jti a kommunik\u00e1ci\u00f3 szakter\u00fclet magyar oktat\u00f3it, hogy aktu\u00e1lis k\u00e9rd\u00e9seket vitassanak meg \u00e9s besz\u00e1molhassanak a legfrissebb szakmai eredm\u00e9nyeikr\u0151l.<\/p>\n<p>Az idei rendezv\u00e9ny p\u00e9nteken indul egy \u00e1ll\u00f3fogad\u00e1ssal, aminek a Kolozsv\u00e1ri Akad\u00e9miai Bizotts\u00e1g biztos\u00edt helysz\u00ednt a Ion Ghica \u00fat 12. sz\u00e1m alatt. A szakmai programok szombat reggel kezd\u0151dnek. A m\u00e9diastaf\u00e9ta \u00fcnnep\u00e9lyes \u00e1tad\u00e1sa ut\u00e1n pedig a Korz\u00f3 egyes\u00fclet \u00e1ltal vezetett v\u00e1rosn\u00e9z\u0151 t\u00far\u00e1ra, z\u00e1r\u00e1sk\u00e9nt pedig k\u00f6z\u00f6s vacsor\u00e1ra ker\u00fcl sor.<br \/>\n&#8212;&#8212;&#8212;&#8212;&#8212;&#8211;<\/p>\n<p>&nbsp;<\/p>\n<h4><strong>2019. szeptember 27. \/\/ p\u00e9ntek\u00a0<\/strong><\/h4>\n<p>17:00 \u00c9rkez\u00e9s \u00e9s sz\u00e1ll\u00e1s elfoglal\u00e1sa \/\/ Universitas sz\u00e1ll\u00f3 \/\/ Plopilor u. 54. sz\u00e1m \/\/ <a href=\"https:\/\/goo.gl\/maps\/adBidxr6QzANgSX9A\" target=\"_blank\" rel=\"noopener\">Google t\u00e9rk\u00e9p<\/a><\/p>\n<p>18:00 \u00c1ll\u00f3fogad\u00e1s \/\/ KAB kert \/\/ Ion Ghica u. 12. sz\u00e1m \/\/ <a href=\"https:\/\/goo.gl\/maps\/yeqJYSfqD8GNaNAS8\" target=\"_blank\" rel=\"noopener\">Google t\u00e9rk\u00e9p<\/a><br \/>\n&#8212;&#8212;&#8212;&#8212;&#8212;&#8211;<\/p>\n<p>&nbsp;<\/p>\n<h4><strong>2019. szeptember 28. \/\/ szombat<\/strong><\/h4>\n<p>10:00 Szakmai kerekasztalbesz\u00e9lget\u00e9s angol nyelven:\u00a0<em>Media Studies, Communication Sciences, Journalism Schools &#8211; institutional and disciplinary pasts and futures. A round-table discussion with heads and members of media and communication departments.\u00a0<\/em>Moder\u00e1tor: dr. K\u00e1d\u00e1r Magor<\/p>\n<p>11:30 K\u00e1v\u00e9sz\u00fcnet \/\/ Coffee break<\/p>\n<p>11:45 Interakt\u00edv workshop angol nyelven:\u00a0<em>Computational Research Methods in Communication &#8211; workshop based on the research tools and databases created and used by the ADHOC project (Analyzing Dangerous Speech, Hate Speech and Offensive Speech in Romanian and Hungarian Public Facebook Contexts using Computational Sociology Approaches.\u00a0<\/em>A foglalkoz\u00e1st vezetik: dr. Andreea Mogo\u0219, dr. Radu Meza, dr. Vincze Hanna Orsolya<\/p>\n<p>13:30 Eb\u00e9dsz\u00fcnet \/\/ Lunch break<\/p>\n<p>14:30 Vallasek J\u00falia\u00a0<em>&#8220;H\u0151st ne csak legendaszer\u0171 v\u00e9rtezetben..&#8221; Hadirokkantak megjelen\u00edt\u00e9se az els\u0151 vil\u00e1gh\u00e1bor\u00fas magyar sajt\u00f3ban<\/em> c\u00edm\u0171 tanulm\u00e1ny\u00e1nak megvitat\u00e1sa<\/p>\n<p>16:15 K\u00e1v\u00e9sz\u00fcnet \/\/ Coffee break<\/p>\n<p>16:30 \u00c9rt\u00e9kel\u00e9s \u00e9s z\u00e1r\u00e1s, a M\u00e9diastaf\u00e9ta \u00e1tad\u00e1sa<\/p>\n<p>17:00 Vezetett kolozsv\u00e1ri s\u00e9ta (Korz\u00f3 Egyes\u00fclet)<\/p>\n<p>19:00 Vacsora \/\/ Bistro 1568 \/\/ <a href=\"https:\/\/goo.gl\/maps\/Hiu4pAoUh8MVzpx67\" target=\"_blank\" rel=\"noopener\">Google t\u00e9rk\u00e9p<\/a><\/p>\n<p>&#8212;&#8212;&#8212;&#8212;&#8212;&#8211;<\/p>\n<p>A szombati szakmai programok a Politika-, K\u00f6zigazgat\u00e1s- \u00e9s Kommunik\u00e1ci\u00f3tudom\u00e1nyi Kar sz\u00e9khely\u00e9n (Minerilor u. 85. sz\u00e1m) ker\u00fclnek megrendez\u00e9sre \/\/ <a href=\"https:\/\/goo.gl\/maps\/tBu7Gy75q9ZKaSc2A\" target=\"_blank\" rel=\"noopener\">Google t\u00e9rk\u00e9p\u00a0<\/a><\/p>\n<p>A szervez\u0151k a programv\u00e1ltoz\u00e1s jog\u00e1t fenntartj\u00e1k. Az esem\u00e9ny a m\u00e9dia, kommunik\u00e1ci\u00f3, \u00fajs\u00e1g\u00edr\u00e1s szakok oktat\u00f3inak \u00e9s tanul\u00f3inak sz\u00f3l. A r\u00e9szv\u00e9tel regisztr\u00e1ci\u00f3hoz k\u00f6t\u00f6tt. Rendezv\u00e9ny\u00fcnk t\u00e1mogat\u00f3i: Magyarorsz\u00e1g Kolozsv\u00e1ri F\u0151konzul\u00e1tusa, RMDSZ \u00dcgyvezet\u0151 Eln\u00f6ks\u00e9g.<\/p>\n<p>&nbsp;<\/p>\n<p>&nbsp;<\/p>\n<p>&nbsp;<\/p>\n<p>&nbsp;<\/p>\n","protected":false},"excerpt":{"rendered":"<p>2019. szeptember 27. \u00e9s 28. k\u00f6z\u00f6tt a Babe\u0219-Bolyai Tudom\u00e1nyegyetem, Politika-, K\u00f6zigazgat\u00e1s- \u00e9s Kommunik\u00e1ci\u00f3tudom\u00e1nyi Kara lesz a h\u00e1zigazd\u00e1ja a M\u00e9diastaf\u00e9ta elnevez\u00e9s\u0171 konferenciasorozatnak.<\/p>\n","protected":false},"author":2,"featured_media":2809,"comment_status":"open","ping_status":"open","sticky":false,"template":"","format":"standard","meta":{"_et_pb_use_builder":"","_et_pb_old_content":"","_et_gb_content_width":"","om_disable_all_campaigns":false,"_mi_skip_tracking":false},"categories":[12],"tags":[],"aioseo_notices":[],"jetpack_featured_media_url":"https:\/\/fspac.ubbcluj.ro\/bbtekomm\/wp-content\/uploads\/2019\/09\/bbte.komm_.mediastafeta.png","_links":{"self":[{"href":"https:\/\/fspac.ubbcluj.ro\/bbtekomm\/wp-json\/wp\/v2\/posts\/2795"}],"collection":[{"href":"https:\/\/fspac.ubbcluj.ro\/bbtekomm\/wp-json\/wp\/v2\/posts"}],"about":[{"href":"https:\/\/fspac.ubbcluj.ro\/bbtekomm\/wp-json\/wp\/v2\/types\/post"}],"author":[{"embeddable":true,"href":"https:\/\/fspac.ubbcluj.ro\/bbtekomm\/wp-json\/wp\/v2\/users\/2"}],"replies":[{"embeddable":true,"href":"https:\/\/fspac.ubbcluj.ro\/bbtekomm\/wp-json\/wp\/v2\/comments?post=2795"}],"version-history":[{"count":14,"href":"https:\/\/fspac.ubbcluj.ro\/bbtekomm\/wp-json\/wp\/v2\/posts\/2795\/revisions"}],"predecessor-version":[{"id":2951,"href":"https:\/\/fspac.ubbcluj.ro\/bbtekomm\/wp-json\/wp\/v2\/posts\/2795\/revisions\/2951"}],"wp:featuredmedia":[{"embeddable":true,"href":"https:\/\/fspac.ubbcluj.ro\/bbtekomm\/wp-json\/wp\/v2\/media\/2809"}],"wp:attachment":[{"href":"https:\/\/fspac.ubbcluj.ro\/bbtekomm\/wp-json\/wp\/v2\/media?parent=2795"}],"wp:term":[{"taxonomy":"category","embeddable":true,"href":"https:\/\/fspac.ubbcluj.ro\/bbtekomm\/wp-json\/wp\/v2\/categories?post=2795"},{"taxonomy":"post_tag","embeddable":true,"href":"https:\/\/fspac.ubbcluj.ro\/bbtekomm\/wp-json\/wp\/v2\/tags?post=2795"}],"curies":[{"name":"wp","href":"https:\/\/api.w.org\/{rel}","templated":true}]}}