{"id":2752,"date":"2019-05-28T16:02:40","date_gmt":"2019-05-28T16:02:40","guid":{"rendered":"https:\/\/fspac.ubbcluj.ro\/bbtekomm\/?p=2752"},"modified":"2019-09-23T10:56:26","modified_gmt":"2019-09-23T10:56:26","slug":"etdk-eredmenyek-2","status":"publish","type":"post","link":"https:\/\/fspac.ubbcluj.ro\/bbtekomm\/2019\/05\/28\/etdk-eredmenyek-2\/","title":{"rendered":"ETDK eredm\u00e9nyek"},"content":{"rendered":"<p>Sikeresen z\u00e1rult a XXII. alkalommal megrendez\u00e9sre ker\u00fcl\u0151 Erd\u00e9lyi Tudom\u00e1nyos Di\u00e1kk\u00f6ri Konferencia. A Kommunik\u00e1ci\u00f3 szekci\u00f3ban \u00f6sszesen kilenc dolgozat ker\u00fclt bemutat\u00e1sra. Az eredm\u00e9nyeket a szervez\u0151k a vas\u00e1rnapi z\u00e1r\u00f3g\u00e1l\u00e1n ismertett\u00e9k. A Kommunik\u00e1ci\u00f3 szekci\u00f3ban a k\u00f6vetkez\u0151 v\u00e9geredm\u00e9ny sz\u00fcletett:<\/p>\n<p><strong>I. helyezett:<\/strong> Radnai D\u00e1niel Szabolcs:\u00a0<em>K\u00eds\u00e9rletek az ifj\u00fas\u00e1gi kult\u00fara eszt\u00e9tiz\u00e1l\u00e1s\u00e1ra &#8211; az 1970-es \u00e9vek magyar koncepci\u00f3-albumai.\u00a0<\/em>T\u00e9mavezet\u0151: Havasr\u00e9ti J\u00f3zsef, egyetemi docens.<\/p>\n<p><strong>II. helyezett:\u00a0<\/strong>M\u00e9sz\u00e1ros Ferencz:\u00a0<em>Flow a Netflixben.\u00a0<\/em>T\u00e9mavezet\u0151: Vincze Hanna Orsolya, egyetemi docens.<\/p>\n<p><strong>III. helyezett:<\/strong> Lengyel Emese:\u00a0<em>A V\u00edg \u00d6zvegy 1952-es \u00e9s 1962-es filmes adapt\u00e1ci\u00f3inak elemz\u00e9se.\u00a0<\/em>T\u00e9mavezet\u0151: Keszeg Anna, egyetemi adjunktus.<\/p>\n<p>Az els\u0151 h\u00e1rom helyezett mellett k\u00fcl\u00f6nd\u00edjban r\u00e9szes\u00fclt Halmi Petra\u00a0<em>A val\u00f3s\u00e1gshow-k \u00e9s talk show-k alakul\u00e1sa a szocializmust k\u00f6vet\u0151en Magyarorsz\u00e1gon \u00e9s Rom\u00e1ni\u00e1ban\u00a0<\/em>c\u00edm\u0171 dolgozat\u00e1val. Tov\u00e1bb\u00e1 dics\u00e9retet kapott Vaida Szid\u00f3nia\u00a0<em>Online biztons\u00e1g a Facebook botr\u00e1nyok kor\u00e1ban\u00a0<\/em>munk\u00e1j\u00e1val.\u00a0A XXXV. OTDK-ra r\u00e9szv\u00e9telt nyertek: M\u00e9sz\u00e1ros Ferencz \u00e9s Vaida Szid\u00f3nia.<\/p>\n<p>A BBTE Kommunik\u00e1ci\u00f3 ez\u00faton is gratul\u00e1l minden r\u00e9sztvev\u0151nek!<\/p>\n<p><img loading=\"lazy\" class=\"aligncenter size-large wp-image-2758\" src=\"https:\/\/fspac.ubbcluj.ro\/bbtekomm\/wp-content\/uploads\/2019\/05\/ETDK19_02-1024x683.jpg\" alt=\"\" width=\"1024\" height=\"683\" srcset=\"https:\/\/fspac.ubbcluj.ro\/bbtekomm\/wp-content\/uploads\/2019\/05\/ETDK19_02-1024x683.jpg 1024w, https:\/\/fspac.ubbcluj.ro\/bbtekomm\/wp-content\/uploads\/2019\/05\/ETDK19_02-300x200.jpg 300w, https:\/\/fspac.ubbcluj.ro\/bbtekomm\/wp-content\/uploads\/2019\/05\/ETDK19_02-768x512.jpg 768w, https:\/\/fspac.ubbcluj.ro\/bbtekomm\/wp-content\/uploads\/2019\/05\/ETDK19_02-1080x720.jpg 1080w, https:\/\/fspac.ubbcluj.ro\/bbtekomm\/wp-content\/uploads\/2019\/05\/ETDK19_02.jpg 1732w\" sizes=\"(max-width: 1024px) 100vw, 1024px\" \/><\/p>\n<p><img loading=\"lazy\" class=\"aligncenter size-large wp-image-2759\" src=\"https:\/\/fspac.ubbcluj.ro\/bbtekomm\/wp-content\/uploads\/2019\/05\/ETDK19_03-1024x682.jpg\" alt=\"\" width=\"1024\" height=\"682\" srcset=\"https:\/\/fspac.ubbcluj.ro\/bbtekomm\/wp-content\/uploads\/2019\/05\/ETDK19_03-1024x682.jpg 1024w, https:\/\/fspac.ubbcluj.ro\/bbtekomm\/wp-content\/uploads\/2019\/05\/ETDK19_03-300x200.jpg 300w, https:\/\/fspac.ubbcluj.ro\/bbtekomm\/wp-content\/uploads\/2019\/05\/ETDK19_03-768x512.jpg 768w, https:\/\/fspac.ubbcluj.ro\/bbtekomm\/wp-content\/uploads\/2019\/05\/ETDK19_03-1080x720.jpg 1080w, https:\/\/fspac.ubbcluj.ro\/bbtekomm\/wp-content\/uploads\/2019\/05\/ETDK19_03.jpg 1799w\" sizes=\"(max-width: 1024px) 100vw, 1024px\" \/><\/p>\n<p><img loading=\"lazy\" class=\"aligncenter size-large wp-image-2760\" src=\"https:\/\/fspac.ubbcluj.ro\/bbtekomm\/wp-content\/uploads\/2019\/05\/ETDK19_01-2-1024x683.jpg\" alt=\"\" width=\"1024\" height=\"683\" \/><\/p>\n<p>Tov\u00e1bbi k\u00e9pek az ETDK Facebook oldal\u00e1n: <a href=\"https:\/\/www.facebook.com\/pg\/etdkrh\/photos\/?ref=page_internal\" target=\"_blank\" rel=\"noopener\">megn\u00e9zem<\/a><\/p>\n","protected":false},"excerpt":{"rendered":"<p>Sikeresen z\u00e1rult a XXII. alkalommal megrendez\u00e9sre ker\u00fcl\u0151 Erd\u00e9lyi Tudom\u00e1nyos Di\u00e1kk\u00f6ri Konferencia. A Kommunik\u00e1ci\u00f3 szekci\u00f3ban \u00f6sszesen kilenc dolgozat ker\u00fclt bemutat\u00e1sra. Az eredm\u00e9nyeket a szervez\u0151k a vas\u00e1rnapi z\u00e1r\u00f3g\u00e1l\u00e1n ismertett\u00e9k. A Kommunik\u00e1ci\u00f3 szekci\u00f3ban a k\u00f6vetkez\u0151 v\u00e9geredm\u00e9ny sz\u00fcletett: I. helyezett: Radnai D\u00e1niel Szabolcs:\u00a0K\u00eds\u00e9rletek az ifj\u00fas\u00e1gi kult\u00fara eszt\u00e9tiz\u00e1l\u00e1s\u00e1ra &#8211; az 1970-es \u00e9vek magyar koncepci\u00f3-albumai.\u00a0T\u00e9mavezet\u0151: Havasr\u00e9ti J\u00f3zsef, egyetemi docens. II. helyezett:\u00a0M\u00e9sz\u00e1ros [&hellip;]<\/p>\n","protected":false},"author":2,"featured_media":2763,"comment_status":"open","ping_status":"open","sticky":false,"template":"","format":"standard","meta":{"_et_pb_use_builder":"","_et_pb_old_content":"","_et_gb_content_width":"","om_disable_all_campaigns":false,"_mi_skip_tracking":false},"categories":[14],"tags":[26,27,23],"aioseo_notices":[],"jetpack_featured_media_url":"https:\/\/fspac.ubbcluj.ro\/bbtekomm\/wp-content\/uploads\/2019\/05\/ETDK19_01-3-e1559059323635.jpg","_links":{"self":[{"href":"https:\/\/fspac.ubbcluj.ro\/bbtekomm\/wp-json\/wp\/v2\/posts\/2752"}],"collection":[{"href":"https:\/\/fspac.ubbcluj.ro\/bbtekomm\/wp-json\/wp\/v2\/posts"}],"about":[{"href":"https:\/\/fspac.ubbcluj.ro\/bbtekomm\/wp-json\/wp\/v2\/types\/post"}],"author":[{"embeddable":true,"href":"https:\/\/fspac.ubbcluj.ro\/bbtekomm\/wp-json\/wp\/v2\/users\/2"}],"replies":[{"embeddable":true,"href":"https:\/\/fspac.ubbcluj.ro\/bbtekomm\/wp-json\/wp\/v2\/comments?post=2752"}],"version-history":[{"count":4,"href":"https:\/\/fspac.ubbcluj.ro\/bbtekomm\/wp-json\/wp\/v2\/posts\/2752\/revisions"}],"predecessor-version":[{"id":2764,"href":"https:\/\/fspac.ubbcluj.ro\/bbtekomm\/wp-json\/wp\/v2\/posts\/2752\/revisions\/2764"}],"wp:featuredmedia":[{"embeddable":true,"href":"https:\/\/fspac.ubbcluj.ro\/bbtekomm\/wp-json\/wp\/v2\/media\/2763"}],"wp:attachment":[{"href":"https:\/\/fspac.ubbcluj.ro\/bbtekomm\/wp-json\/wp\/v2\/media?parent=2752"}],"wp:term":[{"taxonomy":"category","embeddable":true,"href":"https:\/\/fspac.ubbcluj.ro\/bbtekomm\/wp-json\/wp\/v2\/categories?post=2752"},{"taxonomy":"post_tag","embeddable":true,"href":"https:\/\/fspac.ubbcluj.ro\/bbtekomm\/wp-json\/wp\/v2\/tags?post=2752"}],"curies":[{"name":"wp","href":"https:\/\/api.w.org\/{rel}","templated":true}]}}