{"id":2744,"date":"2019-05-21T14:32:45","date_gmt":"2019-05-21T14:32:45","guid":{"rendered":"https:\/\/fspac.ubbcluj.ro\/bbtekomm\/?p=2744"},"modified":"2019-06-05T17:26:50","modified_gmt":"2019-06-05T17:26:50","slug":"etdk-2019","status":"publish","type":"post","link":"https:\/\/fspac.ubbcluj.ro\/bbtekomm\/2019\/05\/21\/etdk-2019\/","title":{"rendered":"ETDK 2019"},"content":{"rendered":"<p>A Babe\u0219-Bolyai Tudom\u00e1nyegyetem (BBTE), a Kolozsv\u00e1ri Magyar Egyetemi Int\u00e9zet (KMEI), valamint a Kolozsv\u00e1ri Magyar Di\u00e1ksz\u00f6vets\u00e9g (KMDSZ) k\u00f6z\u00f6s szervez\u00e9s\u00e9ben <strong>m\u00e1jus 23. \u00e9s 26. k\u00f6z\u00f6tt<\/strong> ker\u00fcl sor a XXII. Erd\u00e9lyi Tudom\u00e1nyos Di\u00e1kk\u00f6ri Konferenci\u00e1ra.<\/p>\n<p>Az idei rendezv\u00e9nyen a di\u00e1kok 42 k\u00fcl\u00f6nb\u00f6z\u0151 szekci\u00f3ban mutatj\u00e1k be tudom\u00e1nyos dolgozataikat. A Kommunik\u00e1ci\u00f3 \u00e9s K\u00f6zkapcsolatok szekci\u00f3 programja m\u00e1jus 24-\u00e9n, p\u00e9nteken, d\u00e9lel\u0151tt 10 \u00f3r\u00e1t\u00f3l kezd\u0151dik. A szekci\u00f3 nyit\u00e1sak\u00e9nt <em>Az HBO Kelet-Eur\u00f3p\u00e1ban. Produkci\u00f3 \u00e9s kommunik\u00e1ci\u00f3<\/em> c\u00edmmel tart plen\u00e1ris el\u0151ad\u00e1st <strong>dr. Keszeg Anna<\/strong>, int\u00e9zet\u00fcnk oktat\u00f3ja.<\/p>\n<p>Ezt k\u00f6vet\u0151en az alap- \u00e9s mesterk\u00e9pz\u00e9ses di\u00e1kok mutathatj\u00e1k be tudom\u00e1nyos dolgozataikat a k\u00f6vetkez\u0151 beoszt\u00e1s szerint:<\/p>\n<ul>\n<li><strong>10:40<\/strong> B\u00e1nyai Eliz-T\u00edmea: <em>Mi\u00e9rt kell ezt \u00edgy j\u00e1tszani? &#8211; A sz\u00ednh\u00e1zi el\u0151ad\u00e1s kommunik\u00e1ci\u00f3s strukt\u00far\u00e1ja koncepci\u00f3t\u00f3l bemutat\u00f3ig.<\/em><\/li>\n<li><strong>10:55<\/strong> Jakab Bernadett:\u00a0<em>N\u00e1n\u00e1si\u00e9k, avagy a k\u00f6z\u00f6ss\u00e9gi bevon\u00f3d\u00e1s szerepe egy online brand fel\u00e9p\u00edt\u00e9s\u00e9ben.\u00a0<\/em><\/li>\n<li><strong>11:10<\/strong> Radnai D\u00e1niel Szabolcs:\u00a0<em>K\u00eds\u00e9rletek az ifj\u00fas\u00e1gi kult\u00fara eszt\u00e9tiz\u00e1l\u00e1s\u00e1ra &#8211; az 1970-es \u00e9vek magyar koncepci\u00f3-albumai.<\/em><\/li>\n<li><strong>11:25<\/strong> M\u00e9sz\u00e1ros Ferencz:\u00a0<em>Flow a Netflixben.\u00a0<\/em><\/li>\n<li><strong>11:40<\/strong> Halmi Petra:\u00a0<em>A val\u00f3s\u00e1gshow-k \u00e9s talk show-k alakul\u00e1sa a szocializmust k\u00f6vet\u0151en Magyarorsz\u00e1gon \u00e9s Rom\u00e1ni\u00e1ban.\u00a0<\/em><\/li>\n<li><strong>11:55<\/strong> Heged\u0171s Krisztina:\u00a0<em>A sharenting jelens\u00e9g vizsg\u00e1lata.\u00a0<\/em><\/li>\n<li><strong>12:10<\/strong> Vaida Szid\u00f3nia:\u00a0<em>Online biztons\u00e1g a Facebook botr\u00e1nyok kor\u00e1ban.\u00a0<\/em><\/li>\n<li><strong>12:25<\/strong> Lengyel Emese:\u00a0<em>A V\u00edg \u00d6zvegy 1952-es \u00e9s 1962-es filmes adapt\u00e1ci\u00f3inak elemz\u00e9se.\u00a0<\/em><\/li>\n<li><strong>12:40<\/strong> L\u00e1szl\u00f3 Oliv\u00e9r:\u00a0<em>Az okos eszk\u00f6z\u00f6k haszn\u00e1lata \u00e9s a k\u00f6z\u00f6ss\u00e9gi m\u00e9dia szerepe a Budapest X. ker\u00fcleti \u00e9s a kolozsv\u00e1ri egyh\u00e1zak kommunik\u00e1ci\u00f3j\u00e1ban.\u00a0<\/em><\/li>\n<\/ul>\n<p>Az el\u0151ad\u00e1sok helysz\u00edne a <strong>BBTE f\u0151\u00e9p\u00fclet<\/strong>e. A szekci\u00f3 el\u0151ad\u00e1sai minden \u00e9rdekl\u0151d\u0151 sz\u00e1m\u00e1ra nyitottak.<br \/>\nTov\u00e1bbi r\u00e9szletek az ETDK FB oldal\u00e1n: <a href=\"https:\/\/www.facebook.com\/etdkrh\/\" target=\"_blank\" rel=\"noopener\">megn\u00e9zem<\/a><\/p>\n","protected":false},"excerpt":{"rendered":"<p>A Babe\u0219-Bolyai Tudom\u00e1nyegyetem (BBTE), a Kolozsv\u00e1ri Magyar Egyetemi Int\u00e9zet (KMEI), valamint a Kolozsv\u00e1ri Magyar Di\u00e1ksz\u00f6vets\u00e9g (KMDSZ) k\u00f6z\u00f6s szervez\u00e9s\u00e9ben m\u00e1jus 23. \u00e9s 26. k\u00f6z\u00f6tt ker\u00fcl sor a XXII. Erd\u00e9lyi Tudom\u00e1nyos Di\u00e1kk\u00f6ri Konferenci\u00e1ra. Az idei rendezv\u00e9nyen a di\u00e1kok 42 k\u00fcl\u00f6nb\u00f6z\u0151 szekci\u00f3ban mutatj\u00e1k be tudom\u00e1nyos dolgozataikat. A Kommunik\u00e1ci\u00f3 \u00e9s K\u00f6zkapcsolatok szekci\u00f3 programja m\u00e1jus 24-\u00e9n, p\u00e9nteken, d\u00e9lel\u0151tt 10 \u00f3r\u00e1t\u00f3l [&hellip;]<\/p>\n","protected":false},"author":2,"featured_media":2745,"comment_status":"open","ping_status":"open","sticky":false,"template":"","format":"standard","meta":{"_et_pb_use_builder":"","_et_pb_old_content":"","_et_gb_content_width":"","om_disable_all_campaigns":false,"_mi_skip_tracking":false},"categories":[14],"tags":[26,27,17],"aioseo_notices":[],"jetpack_featured_media_url":"https:\/\/fspac.ubbcluj.ro\/bbtekomm\/wp-content\/uploads\/2019\/05\/ETDK-szombat-Ja\u0301nosi-Eszter-13-of-25-e1558448992579.jpg","_links":{"self":[{"href":"https:\/\/fspac.ubbcluj.ro\/bbtekomm\/wp-json\/wp\/v2\/posts\/2744"}],"collection":[{"href":"https:\/\/fspac.ubbcluj.ro\/bbtekomm\/wp-json\/wp\/v2\/posts"}],"about":[{"href":"https:\/\/fspac.ubbcluj.ro\/bbtekomm\/wp-json\/wp\/v2\/types\/post"}],"author":[{"embeddable":true,"href":"https:\/\/fspac.ubbcluj.ro\/bbtekomm\/wp-json\/wp\/v2\/users\/2"}],"replies":[{"embeddable":true,"href":"https:\/\/fspac.ubbcluj.ro\/bbtekomm\/wp-json\/wp\/v2\/comments?post=2744"}],"version-history":[{"count":4,"href":"https:\/\/fspac.ubbcluj.ro\/bbtekomm\/wp-json\/wp\/v2\/posts\/2744\/revisions"}],"predecessor-version":[{"id":2749,"href":"https:\/\/fspac.ubbcluj.ro\/bbtekomm\/wp-json\/wp\/v2\/posts\/2744\/revisions\/2749"}],"wp:featuredmedia":[{"embeddable":true,"href":"https:\/\/fspac.ubbcluj.ro\/bbtekomm\/wp-json\/wp\/v2\/media\/2745"}],"wp:attachment":[{"href":"https:\/\/fspac.ubbcluj.ro\/bbtekomm\/wp-json\/wp\/v2\/media?parent=2744"}],"wp:term":[{"taxonomy":"category","embeddable":true,"href":"https:\/\/fspac.ubbcluj.ro\/bbtekomm\/wp-json\/wp\/v2\/categories?post=2744"},{"taxonomy":"post_tag","embeddable":true,"href":"https:\/\/fspac.ubbcluj.ro\/bbtekomm\/wp-json\/wp\/v2\/tags?post=2744"}],"curies":[{"name":"wp","href":"https:\/\/api.w.org\/{rel}","templated":true}]}}