{"id":2737,"date":"2019-04-09T07:08:03","date_gmt":"2019-04-09T07:08:03","guid":{"rendered":"https:\/\/fspac.ubbcluj.ro\/bbtekomm\/?p=2737"},"modified":"2019-05-28T16:03:08","modified_gmt":"2019-05-28T16:03:08","slug":"medianapok-2-0","status":"publish","type":"post","link":"https:\/\/fspac.ubbcluj.ro\/bbtekomm\/2019\/04\/09\/medianapok-2-0\/","title":{"rendered":"M\u00e9dianapok 2.0"},"content":{"rendered":"<p>A kolozsv\u00e1ri Babe\u0219\u2013Bolyai Tudom\u00e1nyegyetem \u00fajs\u00e1g\u00edr\u00e1s szakos di\u00e1kjai m\u00e1sodik alkalommal szervezik meg a M\u00e9dianapokat. A k\u00e9t napos konferencia M\u00e9dianapok 2.0 c\u00edmmel \u00e1prilis 12\u201313. k\u00f6z\u00f6tt zajlik a Politika-, K\u00f6zigazgat\u00e1s- \u00e9s Kommunik\u00e1ci\u00f3tudom\u00e1nyi Kar \u00e9p\u00fclet\u00e9ben.<\/p>\n<p>A szervez\u0151k el\u0151ad\u00e1sokat, besz\u00e9dtechnika workshopot \u00e9s premier el\u0151tti filmvet\u00edt\u00e9st is aj\u00e1nlanak az \u00e9rdekl\u0151d\u0151knek, \u00e9s a M\u00e9dianapok alatt hirdetik ki a fot\u00f3p\u00e1ly\u00e1zat eredm\u00e9ny\u00e9t, amely az esem\u00e9ny r\u00e9szek\u00e9nt futott, \u00e9s amelyre \u00f6sszesen 15-en jelentkeztek erd\u00e9lyi v\u00e1rosokb\u00f3l. A p\u00e1ly\u00e1zaton szakmai- \u00e9s k\u00f6z\u00f6ns\u00e9gd\u00edjat is kiosztanak, 100-100 lej \u00e9rt\u00e9kben. A legjobb fot\u00f3kat a M\u00e9dianapok rendezv\u00e9nyei alatt \u00e1ll\u00edtj\u00e1k ki.<\/p>\n<p>Mindezek mellett kerekasztal-besz\u00e9lget\u00e9sre is sor ker\u00fcl, Kolozsv\u00e1r k\u00e9t di\u00e1k\u00fajs\u00e1g\u00e1nak, a Campusnak \u00e9s a Perspekt\u00edv\u00e1nak r\u00e9gebbi \u00e9s \u00fajabb szerkeszt\u0151ivel, amelyre szeretettel v\u00e1rj\u00e1k az olvas\u00f3kat is, akik \u00edgy betekint\u00e9st kaphatnak a lapok kulissz\u00e1i m\u00f6g\u00e9 is.<\/p>\n<p>A k\u00e9tnapos konferenci\u00e1n az erd\u00e9lyi \u00fajs\u00e1g\u00edr\u00f3k mellett magyarorsz\u00e1gi m\u00e9diaszem\u00e9lyis\u00e9gek is mes\u00e9lnek tapasztalataikr\u00f3l, \u00e9s a m\u00e9dia vil\u00e1g\u00e1nak elker\u00fclhetetlen v\u00e1ltoz\u00e1sair\u00f3l.<\/p>\n<p>A konferencia r\u00e9szletek programja az al\u00e1bbi Facebook esem\u00e9nyen \u00e9rhet\u0151 el: <a href=\"https:\/\/www.facebook.com\/events\/275770416680376\/\" target=\"_blank\" rel=\"noopener\">megn\u00e9zem<\/a><\/p>\n","protected":false},"excerpt":{"rendered":"<p>A kolozsv\u00e1ri Babe\u0219\u2013Bolyai Tudom\u00e1nyegyetem \u00fajs\u00e1g\u00edr\u00e1s szakos di\u00e1kjai m\u00e1sodik alkalommal szervezik meg a M\u00e9dianapokat. A k\u00e9t napos konferencia M\u00e9dianapok 2.0 c\u00edmmel \u00e1prilis 12\u201313. k\u00f6z\u00f6tt zajlik a Politika-, K\u00f6zigazgat\u00e1s- \u00e9s Kommunik\u00e1ci\u00f3tudom\u00e1nyi Kar \u00e9p\u00fclet\u00e9ben. A szervez\u0151k el\u0151ad\u00e1sokat, besz\u00e9dtechnika workshopot \u00e9s premier el\u0151tti filmvet\u00edt\u00e9st is aj\u00e1nlanak az \u00e9rdekl\u0151d\u0151knek, \u00e9s a M\u00e9dianapok alatt hirdetik ki a fot\u00f3p\u00e1ly\u00e1zat eredm\u00e9ny\u00e9t, amely az [&hellip;]<\/p>\n","protected":false},"author":2,"featured_media":2742,"comment_status":"open","ping_status":"open","sticky":false,"template":"","format":"standard","meta":{"_et_pb_use_builder":"","_et_pb_old_content":"","_et_gb_content_width":"","om_disable_all_campaigns":false,"_mi_skip_tracking":false},"categories":[14],"tags":[23,19,24,25],"aioseo_notices":[],"jetpack_featured_media_url":"https:\/\/fspac.ubbcluj.ro\/bbtekomm\/wp-content\/uploads\/2019\/04\/Untitled-design.png","_links":{"self":[{"href":"https:\/\/fspac.ubbcluj.ro\/bbtekomm\/wp-json\/wp\/v2\/posts\/2737"}],"collection":[{"href":"https:\/\/fspac.ubbcluj.ro\/bbtekomm\/wp-json\/wp\/v2\/posts"}],"about":[{"href":"https:\/\/fspac.ubbcluj.ro\/bbtekomm\/wp-json\/wp\/v2\/types\/post"}],"author":[{"embeddable":true,"href":"https:\/\/fspac.ubbcluj.ro\/bbtekomm\/wp-json\/wp\/v2\/users\/2"}],"replies":[{"embeddable":true,"href":"https:\/\/fspac.ubbcluj.ro\/bbtekomm\/wp-json\/wp\/v2\/comments?post=2737"}],"version-history":[{"count":1,"href":"https:\/\/fspac.ubbcluj.ro\/bbtekomm\/wp-json\/wp\/v2\/posts\/2737\/revisions"}],"predecessor-version":[{"id":2739,"href":"https:\/\/fspac.ubbcluj.ro\/bbtekomm\/wp-json\/wp\/v2\/posts\/2737\/revisions\/2739"}],"wp:featuredmedia":[{"embeddable":true,"href":"https:\/\/fspac.ubbcluj.ro\/bbtekomm\/wp-json\/wp\/v2\/media\/2742"}],"wp:attachment":[{"href":"https:\/\/fspac.ubbcluj.ro\/bbtekomm\/wp-json\/wp\/v2\/media?parent=2737"}],"wp:term":[{"taxonomy":"category","embeddable":true,"href":"https:\/\/fspac.ubbcluj.ro\/bbtekomm\/wp-json\/wp\/v2\/categories?post=2737"},{"taxonomy":"post_tag","embeddable":true,"href":"https:\/\/fspac.ubbcluj.ro\/bbtekomm\/wp-json\/wp\/v2\/tags?post=2737"}],"curies":[{"name":"wp","href":"https:\/\/api.w.org\/{rel}","templated":true}]}}