{"id":2675,"date":"2019-02-23T12:07:54","date_gmt":"2019-02-23T12:07:54","guid":{"rendered":"https:\/\/fspac.ubbcluj.ro\/bbtekomm\/?p=2675"},"modified":"2019-04-09T07:09:05","modified_gmt":"2019-04-09T07:09:05","slug":"oszontondijkerelmek-leadasa","status":"publish","type":"post","link":"https:\/\/fspac.ubbcluj.ro\/bbtekomm\/2019\/02\/23\/oszontondijkerelmek-leadasa\/","title":{"rendered":"\u00d6sz\u00f6nt\u00f6nd\u00edj k\u00e9relmek lead\u00e1sa"},"content":{"rendered":"<p>Kedves di\u00e1kok.<\/p>\n<p>A m\u00e1sodik f\u00e9l\u00e9vre vonatkoz\u00f3 tanulm\u00e1nyi \u00f6szt\u00f6nd\u00edjk\u00e9relmeket <strong>febru\u00e1r 25.<\/strong> \u00e9s <strong>m\u00e1rcius 15.<\/strong> k\u00f6z\u00f6tt tudj\u00e1tok leadni Sajg\u00f3 Be\u00e1t\u00e1n\u00e1l a kari <strong>titk\u00e1rs\u00e1g<\/strong>on, h\u00e9tk\u00f6znaponk\u00e9nt 9 \u00e9s 12 \u00f3ra k\u00f6z\u00f6tt.<\/p>\n<p>A <strong>szoci\u00e1lis<\/strong> \u00f6szt\u00f6nd\u00edjakra vonatkoz\u00f3 k\u00e9relmek lead\u00e1s\u00e1ra szint\u00e9n <strong>febru\u00e1r 25.<\/strong> \u00e9s <strong>m\u00e1rcius 15.<\/strong> k\u00f6z\u00f6tt van lehet\u0151s\u00e9g. A lead\u00e1shoz Ovidiu Boldort vagy Ioan Krasznait kell keresni a FSPAC 1-es \u00e9p\u00fcletben, els\u0151 emeleten az <strong>I\/9-es irod\u00e1ban\u00a0<\/strong>h\u00e9tk\u00f6znaponk\u00e9nt 10 \u00e9s 15 \u00f3ra k\u00f6z\u00f6tt.<\/p>\n<p>Az \u00f6sz\u00f6ntd\u00edj-k\u00e9relmek elb\u00edr\u00e1s\u00e1val \u00e9s a sz\u00fcks\u00e9ges iratokkal kapcsolatosan tov\u00e1bbi inform\u00e1ci\u00f3kat tal\u00e1ltok a BBTE \u00f6szt\u00f6nd\u00edj szab\u00e1lyzat\u00e1ban: <a href=\"https:\/\/www.ubbcluj.ro\/ro\/studenti\/burse\/regulament_burse\" target=\"_blank\" rel=\"noopener\">megn\u00e9zem.<\/a>\u00a0Szint\u00e9n itt tudj\u00e1tok let\u00f6lteni a kit\u00f6ltend\u0151 formanyomtatv\u00e1nyokat. A nyomtat\u00e1s sor\u00e1n csak egyoldal\u00faan (doar fata) nyomtass\u00e1tok ezeket a dokumentumokat.<\/p>\n<p>Tov\u00e1bbi k\u00e9rd\u00e9sek eset\u00e9n keressetek minket a <a href=\"https:\/\/fspac.ubbcluj.ro\/bbtekomm\/kapcsolat\/\" target=\"_blank\" rel=\"noopener\">titk\u00e1rs\u00e1gon<\/a> vagy \u00edrjatok nek\u00fcnk a <a href=\"https:\/\/www.facebook.com\/bbte.komm\/\" target=\"_blank\" rel=\"noopener\">Facebook<\/a> oldalunkon.<\/p>\n<p>&nbsp;<\/p>\n","protected":false},"excerpt":{"rendered":"<p>Kedves di\u00e1kok. A m\u00e1sodik f\u00e9l\u00e9vre vonatkoz\u00f3 tanulm\u00e1nyi \u00f6szt\u00f6nd\u00edjk\u00e9relmeket febru\u00e1r 25. \u00e9s m\u00e1rcius 15. k\u00f6z\u00f6tt tudj\u00e1tok leadni Sajg\u00f3 Be\u00e1t\u00e1n\u00e1l a kari titk\u00e1rs\u00e1gon, h\u00e9tk\u00f6znaponk\u00e9nt 9 \u00e9s 12 \u00f3ra k\u00f6z\u00f6tt. A szoci\u00e1lis \u00f6szt\u00f6nd\u00edjakra vonatkoz\u00f3 k\u00e9relmek lead\u00e1s\u00e1ra szint\u00e9n febru\u00e1r 25. \u00e9s m\u00e1rcius 15. k\u00f6z\u00f6tt van lehet\u0151s\u00e9g. A lead\u00e1shoz Ovidiu Boldort vagy Ioan Krasznait kell keresni a FSPAC 1-es \u00e9p\u00fcletben, [&hellip;]<\/p>\n","protected":false},"author":2,"featured_media":2681,"comment_status":"open","ping_status":"open","sticky":false,"template":"","format":"standard","meta":{"_et_pb_use_builder":"","_et_pb_old_content":"","_et_gb_content_width":"","om_disable_all_campaigns":false,"_mi_skip_tracking":false},"categories":[12],"tags":[],"aioseo_notices":[],"jetpack_featured_media_url":"https:\/\/fspac.ubbcluj.ro\/bbtekomm\/wp-content\/uploads\/2019\/02\/komm_news_osztondij.png","_links":{"self":[{"href":"https:\/\/fspac.ubbcluj.ro\/bbtekomm\/wp-json\/wp\/v2\/posts\/2675"}],"collection":[{"href":"https:\/\/fspac.ubbcluj.ro\/bbtekomm\/wp-json\/wp\/v2\/posts"}],"about":[{"href":"https:\/\/fspac.ubbcluj.ro\/bbtekomm\/wp-json\/wp\/v2\/types\/post"}],"author":[{"embeddable":true,"href":"https:\/\/fspac.ubbcluj.ro\/bbtekomm\/wp-json\/wp\/v2\/users\/2"}],"replies":[{"embeddable":true,"href":"https:\/\/fspac.ubbcluj.ro\/bbtekomm\/wp-json\/wp\/v2\/comments?post=2675"}],"version-history":[{"count":6,"href":"https:\/\/fspac.ubbcluj.ro\/bbtekomm\/wp-json\/wp\/v2\/posts\/2675\/revisions"}],"predecessor-version":[{"id":2686,"href":"https:\/\/fspac.ubbcluj.ro\/bbtekomm\/wp-json\/wp\/v2\/posts\/2675\/revisions\/2686"}],"wp:featuredmedia":[{"embeddable":true,"href":"https:\/\/fspac.ubbcluj.ro\/bbtekomm\/wp-json\/wp\/v2\/media\/2681"}],"wp:attachment":[{"href":"https:\/\/fspac.ubbcluj.ro\/bbtekomm\/wp-json\/wp\/v2\/media?parent=2675"}],"wp:term":[{"taxonomy":"category","embeddable":true,"href":"https:\/\/fspac.ubbcluj.ro\/bbtekomm\/wp-json\/wp\/v2\/categories?post=2675"},{"taxonomy":"post_tag","embeddable":true,"href":"https:\/\/fspac.ubbcluj.ro\/bbtekomm\/wp-json\/wp\/v2\/tags?post=2675"}],"curies":[{"name":"wp","href":"https:\/\/api.w.org\/{rel}","templated":true}]}}