{"id":2336,"date":"2018-06-29T10:22:53","date_gmt":"2018-06-29T10:22:53","guid":{"rendered":"https:\/\/fspac.ubbcluj.ro\/bbtekomm\/?p=2336"},"modified":"2019-02-23T12:11:16","modified_gmt":"2019-02-23T12:11:16","slug":"mesteri-vedesek-beosztasa","status":"publish","type":"post","link":"https:\/\/fspac.ubbcluj.ro\/bbtekomm\/2018\/06\/29\/mesteri-vedesek-beosztasa\/","title":{"rendered":"Mesteri v\u00e9d\u00e9sek beoszt\u00e1sa"},"content":{"rendered":"<p>A Kommunik\u00e1ci\u00f3s K\u00e9szs\u00e9gfejleszt\u00e9s mesterk\u00e9pz\u00e9s v\u00e9gz\u0151s hallgat\u00f3inak nyilv\u00e1nos v\u00e9d\u00e9s\u00e9re 2018. j\u00falius 2-\u00e1n ker\u00fcl sor a 302-es teremben. A dolgozatok bemutat\u00e1sa a k\u00f6vetkez\u0151 program szerint zajlik:<\/p>\n<p><strong>14:00 &#8211; 15:00 \u00f3ra k\u00f6z\u00f6tt\u00a0<\/strong><\/p>\n<ol>\n<li>D\u00e9nes Kinga<\/li>\n<li>Vet\u00e9si Imola<\/li>\n<li>Eke Csilla-Melinda<\/li>\n<li>Farkas Andrea<\/li>\n<li>Heinrich Emese<\/li>\n<li>Gercuy Ildik\u00f3-M\u00e1ria<\/li>\n<\/ol>\n<p><strong>15:00 &#8211; 16:00 \u00f3ra k\u00f6z\u00f6tt\u00a0<\/strong><\/p>\n<ol>\n<li>Budai Brigitta Evelin<\/li>\n<li>Gergely \u00c1gnes<\/li>\n<li>Likker Erika-Zsuzsanna<\/li>\n<li>Sall\u00f3 Krisztina<\/li>\n<li>Szegedi J\u00falia \u00c1gnes<\/li>\n<li>Sz\u00e9kely P\u00e9ter<\/li>\n<\/ol>\n<p><strong>16:00 &#8211; 17:00 \u00f3ra k\u00f6z\u00f6tt\u00a0<\/strong><\/p>\n<ol>\n<li>Varga Be\u00e1ta<\/li>\n<li>Vadas Henrietta<\/li>\n<\/ol>\n<p>A bemutat\u00f3kat a kezd\u00e9s el\u0151tt fel kell m\u00e1solni arra az eszk\u00f6zre, amelyikr\u0151l t\u00f6rt\u00e9nik a vet\u00edt\u00e9s. A bemutat\u00e1sra rendelkez\u00e9sre \u00e1ll\u00f3 id\u0151 7 perc. Ezek ut\u00e1n pedig 3 perc \u00e1ll a b\u00edr\u00e1l\u00f3k rendelkez\u00e9s\u00e9re, hogy megfogalmazz\u00e1k k\u00e9rd\u00e9seiket \u00e9s \u00e9szrev\u00e9teleiket a bemutatott dolgozattal kapcsolatosan.<\/p>\n<p>Mindenkinek sikeres v\u00e9d\u00e9st k\u00edv\u00e1nunk!<\/p>\n","protected":false},"excerpt":{"rendered":"<p>A Kommunik\u00e1ci\u00f3s K\u00e9szs\u00e9gfejleszt\u00e9s mesterk\u00e9pz\u00e9s v\u00e9gz\u0151s hallgat\u00f3inak nyilv\u00e1nos v\u00e9d\u00e9s\u00e9re 2018. j\u00falius 2-\u00e1n ker\u00fcl sor a 302-es teremben. A dolgozatok bemutat\u00e1sa a k\u00f6vetkez\u0151 program szerint zajlik: 14:00 &#8211; 15:00 \u00f3ra k\u00f6z\u00f6tt\u00a0 D\u00e9nes Kinga Vet\u00e9si Imola Eke Csilla-Melinda Farkas Andrea Heinrich Emese Gercuy Ildik\u00f3-M\u00e1ria 15:00 &#8211; 16:00 \u00f3ra k\u00f6z\u00f6tt\u00a0 Budai Brigitta Evelin Gergely \u00c1gnes Likker Erika-Zsuzsanna Sall\u00f3 Krisztina [&hellip;]<\/p>\n","protected":false},"author":2,"featured_media":2337,"comment_status":"open","ping_status":"open","sticky":false,"template":"","format":"standard","meta":{"_et_pb_use_builder":"","_et_pb_old_content":"","_et_gb_content_width":"","om_disable_all_campaigns":false,"_mi_skip_tracking":false},"categories":[14],"tags":[],"aioseo_notices":[],"jetpack_featured_media_url":"https:\/\/fspac.ubbcluj.ro\/bbtekomm\/wp-content\/uploads\/2018\/06\/calendar-2.png","_links":{"self":[{"href":"https:\/\/fspac.ubbcluj.ro\/bbtekomm\/wp-json\/wp\/v2\/posts\/2336"}],"collection":[{"href":"https:\/\/fspac.ubbcluj.ro\/bbtekomm\/wp-json\/wp\/v2\/posts"}],"about":[{"href":"https:\/\/fspac.ubbcluj.ro\/bbtekomm\/wp-json\/wp\/v2\/types\/post"}],"author":[{"embeddable":true,"href":"https:\/\/fspac.ubbcluj.ro\/bbtekomm\/wp-json\/wp\/v2\/users\/2"}],"replies":[{"embeddable":true,"href":"https:\/\/fspac.ubbcluj.ro\/bbtekomm\/wp-json\/wp\/v2\/comments?post=2336"}],"version-history":[{"count":4,"href":"https:\/\/fspac.ubbcluj.ro\/bbtekomm\/wp-json\/wp\/v2\/posts\/2336\/revisions"}],"predecessor-version":[{"id":2341,"href":"https:\/\/fspac.ubbcluj.ro\/bbtekomm\/wp-json\/wp\/v2\/posts\/2336\/revisions\/2341"}],"wp:featuredmedia":[{"embeddable":true,"href":"https:\/\/fspac.ubbcluj.ro\/bbtekomm\/wp-json\/wp\/v2\/media\/2337"}],"wp:attachment":[{"href":"https:\/\/fspac.ubbcluj.ro\/bbtekomm\/wp-json\/wp\/v2\/media?parent=2336"}],"wp:term":[{"taxonomy":"category","embeddable":true,"href":"https:\/\/fspac.ubbcluj.ro\/bbtekomm\/wp-json\/wp\/v2\/categories?post=2336"},{"taxonomy":"post_tag","embeddable":true,"href":"https:\/\/fspac.ubbcluj.ro\/bbtekomm\/wp-json\/wp\/v2\/tags?post=2336"}],"curies":[{"name":"wp","href":"https:\/\/api.w.org\/{rel}","templated":true}]}}